{"id":88,"date":"2000-01-01T00:00:42","date_gmt":"1999-12-31T22:00:42","guid":{"rendered":"http:\/\/www.royalfilmmakers.com\/wp\/?p=88"},"modified":"2025-10-11T14:13:15","modified_gmt":"2025-10-11T13:13:15","slug":"ralf-bucheler","status":"publish","type":"post","link":"http:\/\/www.royalfilmmakers.com\/?p=88","title":{"rendered":"Ralf B\u00fccheler"},"content":{"rendered":"<p><span style=\"font-size: small;\"><img loading=\"lazy\" decoding=\"async\" class=\"size-medium wp-image-2347 alignleft\" src=\"http:\/\/www.royalfilmmakers.com\/wp-content\/uploads\/2018\/01\/buecheler_neu_klein-300x225.jpg\" alt=\"\" width=\"300\" height=\"225\" \/><span style=\"font-size: medium; color: #000000;\"><span style=\"text-decoration: underline;\"><a href=\"http:\/\/www.ralfbuecheler.de\" target=\"_blank\" rel=\"noopener\">Ralf B\u00fccheler<\/a><\/span>, Jahrgang 1975, wuchs im Allg\u00e4u auf und studierte Ethnologie und Literatur in M\u00fcnchen und Swansea. Anschlie\u00dfend Dokumentarfilm und Fernsehpublizistik an der Hochschule f\u00fcr Fernsehen und Film in M\u00fcnchen. Ralf lebt und arbeitet in M\u00fcnchen als freier Filmemacher und Radioautor. <\/span><\/span><\/p>\n","protected":false},"excerpt":{"rendered":"<p>Ralf B\u00fccheler, Jahrgang 1975, wuchs im Allg\u00e4u auf und studierte Ethnologie und Literatur in M\u00fcnchen und Swansea. Anschlie\u00dfend Dokumentarfilm und Fernsehpublizistik an der Hochschule f\u00fcr Fernsehen und Film in M\u00fcnchen. Ralf lebt und arbeitet in M\u00fcnchen als freier Filmemacher und Radioautor.<\/p>\n","protected":false},"author":2,"featured_media":2347,"comment_status":"closed","ping_status":"closed","sticky":false,"template":"","format":"standard","meta":{"footnotes":""},"categories":[7],"tags":[],"class_list":["post-88","post","type-post","status-publish","format-standard","has-post-thumbnail","hentry","category-03_wir"],"_links":{"self":[{"href":"http:\/\/www.royalfilmmakers.com\/index.php?rest_route=\/wp\/v2\/posts\/88","targetHints":{"allow":["GET"]}}],"collection":[{"href":"http:\/\/www.royalfilmmakers.com\/index.php?rest_route=\/wp\/v2\/posts"}],"about":[{"href":"http:\/\/www.royalfilmmakers.com\/index.php?rest_route=\/wp\/v2\/types\/post"}],"author":[{"embeddable":true,"href":"http:\/\/www.royalfilmmakers.com\/index.php?rest_route=\/wp\/v2\/users\/2"}],"replies":[{"embeddable":true,"href":"http:\/\/www.royalfilmmakers.com\/index.php?rest_route=%2Fwp%2Fv2%2Fcomments&post=88"}],"version-history":[{"count":13,"href":"http:\/\/www.royalfilmmakers.com\/index.php?rest_route=\/wp\/v2\/posts\/88\/revisions"}],"predecessor-version":[{"id":4952,"href":"http:\/\/www.royalfilmmakers.com\/index.php?rest_route=\/wp\/v2\/posts\/88\/revisions\/4952"}],"wp:featuredmedia":[{"embeddable":true,"href":"http:\/\/www.royalfilmmakers.com\/index.php?rest_route=\/wp\/v2\/media\/2347"}],"wp:attachment":[{"href":"http:\/\/www.royalfilmmakers.com\/index.php?rest_route=%2Fwp%2Fv2%2Fmedia&parent=88"}],"wp:term":[{"taxonomy":"category","embeddable":true,"href":"http:\/\/www.royalfilmmakers.com\/index.php?rest_route=%2Fwp%2Fv2%2Fcategories&post=88"},{"taxonomy":"post_tag","embeddable":true,"href":"http:\/\/www.royalfilmmakers.com\/index.php?rest_route=%2Fwp%2Fv2%2Ftags&post=88"}],"curies":[{"name":"wp","href":"https:\/\/api.w.org\/{rel}","templated":true}]}}